{"id":3413,"date":"2023-09-20T09:45:58","date_gmt":"2023-09-20T08:45:58","guid":{"rendered":"https:\/\/youcat.org\/?post_type=news&#038;p=3413"},"modified":"2023-09-22T14:33:31","modified_gmt":"2023-09-22T13:33:31","slug":"youcat-at-world-youth-day-in-lisbon","status":"publish","type":"news","link":"https:\/\/youcat.org\/pl\/news\/youcat-at-world-youth-day-in-lisbon\/","title":{"rendered":"YOUCAT na \u015awiatowych Dniach M\u0142odzie\u017cy w Lizbonie"},"content":{"rendered":"","protected":false},"featured_media":0,"template":"","class_list":["post-3413","news","type-news","status-publish","hentry"],"acf":[],"yoast_head":"<!-- This site is optimized with the Yoast SEO plugin v27.4 - https:\/\/yoast.com\/product\/yoast-seo-wordpress\/ -->\n<title>YOUCAT at World Youth Day in Lisbon - YOUCAT<\/title>\n<meta name=\"robots\" content=\"index, follow, max-snippet:-1, max-image-preview:large, max-video-preview:-1\" \/>\n<link rel=\"canonical\" href=\"https:\/\/youcat.org\/pl\/news\/youcat-at-world-youth-day-in-lisbon\/\" \/>\n<meta property=\"og:locale\" content=\"pl_PL\" \/>\n<meta property=\"og:type\" content=\"article\" \/>\n<meta property=\"og:title\" content=\"YOUCAT at World Youth Day in Lisbon - YOUCAT\" \/>\n<meta property=\"og:url\" content=\"https:\/\/youcat.org\/pl\/news\/youcat-at-world-youth-day-in-lisbon\/\" \/>\n<meta property=\"og:site_name\" content=\"YOUCAT\" \/>\n<meta property=\"article:modified_time\" content=\"2023-09-22T13:33:31+00:00\" \/>\n<meta name=\"twitter:card\" content=\"summary_large_image\" \/>\n<script type=\"application\/ld+json\" class=\"yoast-schema-graph\">{\"@context\":\"https:\\\/\\\/schema.org\",\"@graph\":[{\"@type\":\"WebPage\",\"@id\":\"https:\\\/\\\/youcat.org\\\/news\\\/youcat-at-world-youth-day-in-lisbon\\\/\",\"url\":\"https:\\\/\\\/youcat.org\\\/news\\\/youcat-at-world-youth-day-in-lisbon\\\/\",\"name\":\"YOUCAT at World Youth Day in Lisbon - YOUCAT\",\"isPartOf\":{\"@id\":\"https:\\\/\\\/youcat.org\\\/#website\"},\"datePublished\":\"2023-09-20T08:45:58+00:00\",\"dateModified\":\"2023-09-22T13:33:31+00:00\",\"breadcrumb\":{\"@id\":\"https:\\\/\\\/youcat.org\\\/news\\\/youcat-at-world-youth-day-in-lisbon\\\/#breadcrumb\"},\"inLanguage\":\"pl-PL\",\"potentialAction\":[{\"@type\":\"ReadAction\",\"target\":[\"https:\\\/\\\/youcat.org\\\/news\\\/youcat-at-world-youth-day-in-lisbon\\\/\"]}]},{\"@type\":\"BreadcrumbList\",\"@id\":\"https:\\\/\\\/youcat.org\\\/news\\\/youcat-at-world-youth-day-in-lisbon\\\/#breadcrumb\",\"itemListElement\":[{\"@type\":\"ListItem\",\"position\":1,\"name\":\"\",\"item\":\"https:\\\/\\\/youcat.org\\\/\"},{\"@type\":\"ListItem\",\"position\":2,\"name\":\"News\",\"item\":\"https:\\\/\\\/youcat.org\\\/news\\\/\"},{\"@type\":\"ListItem\",\"position\":3,\"name\":\"YOUCAT at World Youth Day in Lisbon\"}]},{\"@type\":\"WebSite\",\"@id\":\"https:\\\/\\\/youcat.org\\\/#website\",\"url\":\"https:\\\/\\\/youcat.org\\\/\",\"name\":\"YOUCAT\",\"description\":\"Der Glaube der katholischen Kirche: anschaulich erkl\u00e4rt, innovativ pr\u00e4sentiert, offiziell best\u00e4tigt.\",\"potentialAction\":[{\"@type\":\"SearchAction\",\"target\":{\"@type\":\"EntryPoint\",\"urlTemplate\":\"https:\\\/\\\/youcat.org\\\/?s={search_term_string}\"},\"query-input\":{\"@type\":\"PropertyValueSpecification\",\"valueRequired\":true,\"valueName\":\"search_term_string\"}}],\"inLanguage\":\"pl-PL\"}]}<\/script>\n<!-- \/ Yoast SEO plugin. -->","yoast_head_json":{"title":"YOUCAT at World Youth Day in Lisbon - YOUCAT","robots":{"index":"index","follow":"follow","max-snippet":"max-snippet:-1","max-image-preview":"max-image-preview:large","max-video-preview":"max-video-preview:-1"},"canonical":"https:\/\/youcat.org\/pl\/news\/youcat-at-world-youth-day-in-lisbon\/","og_locale":"pl_PL","og_type":"article","og_title":"YOUCAT at World Youth Day in Lisbon - YOUCAT","og_url":"https:\/\/youcat.org\/pl\/news\/youcat-at-world-youth-day-in-lisbon\/","og_site_name":"YOUCAT","article_modified_time":"2023-09-22T13:33:31+00:00","twitter_card":"summary_large_image","schema":{"@context":"https:\/\/schema.org","@graph":[{"@type":"WebPage","@id":"https:\/\/youcat.org\/news\/youcat-at-world-youth-day-in-lisbon\/","url":"https:\/\/youcat.org\/news\/youcat-at-world-youth-day-in-lisbon\/","name":"YOUCAT at World Youth Day in Lisbon - YOUCAT","isPartOf":{"@id":"https:\/\/youcat.org\/#website"},"datePublished":"2023-09-20T08:45:58+00:00","dateModified":"2023-09-22T13:33:31+00:00","breadcrumb":{"@id":"https:\/\/youcat.org\/news\/youcat-at-world-youth-day-in-lisbon\/#breadcrumb"},"inLanguage":"pl-PL","potentialAction":[{"@type":"ReadAction","target":["https:\/\/youcat.org\/news\/youcat-at-world-youth-day-in-lisbon\/"]}]},{"@type":"BreadcrumbList","@id":"https:\/\/youcat.org\/news\/youcat-at-world-youth-day-in-lisbon\/#breadcrumb","itemListElement":[{"@type":"ListItem","position":1,"name":"","item":"https:\/\/youcat.org\/"},{"@type":"ListItem","position":2,"name":"News","item":"https:\/\/youcat.org\/news\/"},{"@type":"ListItem","position":3,"name":"YOUCAT at World Youth Day in Lisbon"}]},{"@type":"WebSite","@id":"https:\/\/youcat.org\/#website","url":"https:\/\/youcat.org\/","name":"YOUCAT","description":"Der Glaube der katholischen Kirche: anschaulich erkl\u00e4rt, innovativ pr\u00e4sentiert, offiziell best\u00e4tigt.","potentialAction":[{"@type":"SearchAction","target":{"@type":"EntryPoint","urlTemplate":"https:\/\/youcat.org\/?s={search_term_string}"},"query-input":{"@type":"PropertyValueSpecification","valueRequired":true,"valueName":"search_term_string"}}],"inLanguage":"pl-PL"}]}},"jetpack_sharing_enabled":true,"_links":{"self":[{"href":"https:\/\/youcat.org\/pl\/wp-json\/wp\/v2\/news\/3413","targetHints":{"allow":["GET"]}}],"collection":[{"href":"https:\/\/youcat.org\/pl\/wp-json\/wp\/v2\/news"}],"about":[{"href":"https:\/\/youcat.org\/pl\/wp-json\/wp\/v2\/types\/news"}],"wp:attachment":[{"href":"https:\/\/youcat.org\/pl\/wp-json\/wp\/v2\/media?parent=3413"}],"curies":[{"name":"wp","href":"https:\/\/api.w.org\/{rel}","templated":true}]}}